{"id":8560,"date":"2023-05-05T09:25:17","date_gmt":"2023-05-05T09:25:17","guid":{"rendered":"https:\/\/building-better.eu\/full-moon-gallery\/"},"modified":"2023-05-05T09:25:17","modified_gmt":"2023-05-05T09:25:17","slug":"full-moon-gallery","status":"publish","type":"post","link":"https:\/\/building-better.eu\/de\/full-moon-gallery\/","title":{"rendered":"Full Moon Gallery"},"content":{"rendered":"<p><strong>Name der Ressource: <\/strong>Full Moon Gallery<\/p>\n<p><strong>Art der Ressource: <\/strong>Veranstaltung<strong><br \/>\n<\/strong><\/p>\n<p><strong>Organisation\/AutorInnen: <\/strong>Jugend- &amp; Kulturprojekt e.V.<strong><br \/>\n<\/strong><\/p>\n<p><strong>Kategorie<\/strong>: Kunst und Kultur<\/p>\n<p><strong>Sprache: <\/strong>Englisch, Deutsch <strong><br \/>\n<\/strong><\/p>\n<p><strong>Kurzbeschreibung: <\/strong>Die Full Moon Gallery ist eine Initiative des Jugend- &amp; Kulturprojekt e.V., die von der KulturCentrale veranstaltet wird, mit dem Ziel, aufstrebende und etablierte lokale Kunstschaffende zu unterst\u00fctzen und ihnen die M\u00f6glichkeit zu geben, ihre Kunstwerke auszustellen und mit den Besuchenden bei der Er\u00f6ffnung und der Finissage jeder Ausstellung zu interagieren. Die gro\u00dfen Fenster des Raums \u00f6ffnen sich und laden alle ein, eine Nacht voller Kunst und Kreativit\u00e4t im Licht des Vollmonds zu genie\u00dfen.<\/p>\n<p><strong>Zielgruppe: <\/strong>JugendleiterInnen, JugendarbeiterInnen, junge Menschen, AkteurInnen des Kultur- und Kreativsektor, Kunstschaffende<strong><br \/>\n<\/strong><\/p>\n<p><strong>Link: <\/strong><a href=\"https:\/\/full-moon-gallery.de\/about\/\" target=\"_blank\" rel=\"noopener\">https:\/\/full-moon-gallery.de\/about\/<\/a><strong><br \/>\n<\/strong><\/p>\n<p>&nbsp;<\/p>\n","protected":false},"excerpt":{"rendered":"<p>Name der Ressource: Full Moon Gallery Art der Ressource: Veranstaltung Organisation\/AutorInnen: Jugend- &amp; Kulturprojekt e.V. Kategorie: Kunst und Kultur Sprache: Englisch, Deutsch Kurzbeschreibung: Die Full&hellip;<\/p>\n","protected":false},"author":51,"featured_media":0,"comment_status":"closed","ping_status":"closed","sticky":false,"template":"","format":"standard","meta":{"footnotes":""},"categories":[110],"tags":[],"class_list":["post-8560","post","type-post","status-publish","format-standard","hentry","category-events-and-aktivitaten",""],"_links":{"self":[{"href":"https:\/\/building-better.eu\/de\/wp-json\/wp\/v2\/posts\/8560","targetHints":{"allow":["GET"]}}],"collection":[{"href":"https:\/\/building-better.eu\/de\/wp-json\/wp\/v2\/posts"}],"about":[{"href":"https:\/\/building-better.eu\/de\/wp-json\/wp\/v2\/types\/post"}],"author":[{"embeddable":true,"href":"https:\/\/building-better.eu\/de\/wp-json\/wp\/v2\/users\/51"}],"replies":[{"embeddable":true,"href":"https:\/\/building-better.eu\/de\/wp-json\/wp\/v2\/comments?post=8560"}],"version-history":[{"count":0,"href":"https:\/\/building-better.eu\/de\/wp-json\/wp\/v2\/posts\/8560\/revisions"}],"wp:attachment":[{"href":"https:\/\/building-better.eu\/de\/wp-json\/wp\/v2\/media?parent=8560"}],"wp:term":[{"taxonomy":"category","embeddable":true,"href":"https:\/\/building-better.eu\/de\/wp-json\/wp\/v2\/categories?post=8560"},{"taxonomy":"post_tag","embeddable":true,"href":"https:\/\/building-better.eu\/de\/wp-json\/wp\/v2\/tags?post=8560"}],"curies":[{"name":"wp","href":"https:\/\/api.w.org\/{rel}","templated":true}]}}