{"id":8563,"date":"2023-05-05T09:34:58","date_gmt":"2023-05-05T09:34:58","guid":{"rendered":"https:\/\/building-better.eu\/internationaler-tag-der-jugend-12-august\/"},"modified":"2023-05-05T09:35:23","modified_gmt":"2023-05-05T09:35:23","slug":"internationaler-tag-der-jugend-12-august","status":"publish","type":"post","link":"https:\/\/building-better.eu\/de\/internationaler-tag-der-jugend-12-august\/","title":{"rendered":"Internationaler Tag der Jugend, 12. August"},"content":{"rendered":"<p><strong>Name der Ressource: <\/strong>Internationaler Tag der Jugend, 12. August<\/p>\n<p><strong>Art der Ressource: <\/strong>Veranstaltung<\/p>\n<p><strong>Organisation\/AutorInnen: <\/strong>Vereinte Nationen &#8211; Youth Lead Innovation Festival<\/p>\n<p><strong>Kategorie<\/strong>: Jugend und Covid-19<\/p>\n<p><strong>Sprache: <\/strong>Englisch<\/p>\n<p><strong>Kurzbeschreibung: <\/strong>Die Feier innovativer, von Jugendlichen gef\u00fchrter L\u00f6sungen f\u00fcr die Verwirklichung der SDGs und die \u00dcberwindung der COVID-19-Pandemie. Die Vereinten Nationen erkennen an, dass jegliche Entwicklung in Richtung der SDGs nur durch die Beteiligung aller Generationen erreicht werden kann. Das IYD wird unter der Schirmherrschaft der Vereinten Nationen gefeiert, um die Diskriminierung aufgrund des Alters zu bek\u00e4mpfen, die die Gesellschaft als Ganzes betrifft, und um die Solidarit\u00e4t zwischen den Generationen zu f\u00f6rdern.<\/p>\n<p><strong>Zielgruppe: <\/strong>JugendleiterInnen, Entscheidungstr\u00e4gerInnen, JugendarbeiterInnen, junge Menschen<strong><br \/>\n<\/strong><\/p>\n<p><strong>Link: <\/strong><a href=\"https:\/\/www.un.org\/youthenvoy\/youthlead-innovation-festival\/\" target=\"_blank\" rel=\"noopener\">https:\/\/www.un.org\/youthenvoy\/youthlead-innovation-festival\/<\/a><strong><br \/>\n<\/strong><\/p>\n<p>&nbsp;<\/p>\n","protected":false},"excerpt":{"rendered":"<p>Name der Ressource: Internationaler Tag der Jugend, 12. August Art der Ressource: Veranstaltung Organisation\/AutorInnen: Vereinte Nationen &#8211; Youth Lead Innovation Festival Kategorie: Jugend und Covid-19&hellip;<\/p>\n","protected":false},"author":51,"featured_media":0,"comment_status":"closed","ping_status":"closed","sticky":false,"template":"","format":"standard","meta":{"footnotes":""},"categories":[110],"tags":[],"class_list":["post-8563","post","type-post","status-publish","format-standard","hentry","category-events-and-aktivitaten",""],"_links":{"self":[{"href":"https:\/\/building-better.eu\/de\/wp-json\/wp\/v2\/posts\/8563","targetHints":{"allow":["GET"]}}],"collection":[{"href":"https:\/\/building-better.eu\/de\/wp-json\/wp\/v2\/posts"}],"about":[{"href":"https:\/\/building-better.eu\/de\/wp-json\/wp\/v2\/types\/post"}],"author":[{"embeddable":true,"href":"https:\/\/building-better.eu\/de\/wp-json\/wp\/v2\/users\/51"}],"replies":[{"embeddable":true,"href":"https:\/\/building-better.eu\/de\/wp-json\/wp\/v2\/comments?post=8563"}],"version-history":[{"count":1,"href":"https:\/\/building-better.eu\/de\/wp-json\/wp\/v2\/posts\/8563\/revisions"}],"predecessor-version":[{"id":8564,"href":"https:\/\/building-better.eu\/de\/wp-json\/wp\/v2\/posts\/8563\/revisions\/8564"}],"wp:attachment":[{"href":"https:\/\/building-better.eu\/de\/wp-json\/wp\/v2\/media?parent=8563"}],"wp:term":[{"taxonomy":"category","embeddable":true,"href":"https:\/\/building-better.eu\/de\/wp-json\/wp\/v2\/categories?post=8563"},{"taxonomy":"post_tag","embeddable":true,"href":"https:\/\/building-better.eu\/de\/wp-json\/wp\/v2\/tags?post=8563"}],"curies":[{"name":"wp","href":"https:\/\/api.w.org\/{rel}","templated":true}]}}