{"id":8574,"date":"2023-05-05T10:15:44","date_gmt":"2023-05-05T10:15:44","guid":{"rendered":"https:\/\/building-better.eu\/kunstfestival-faneromeni\/"},"modified":"2023-05-05T10:15:44","modified_gmt":"2023-05-05T10:15:44","slug":"kunstfestival-faneromeni","status":"publish","type":"post","link":"https:\/\/building-better.eu\/de\/kunstfestival-faneromeni\/","title":{"rendered":"Kunstfestival FANEROMENI"},"content":{"rendered":"<p><strong>Name der Ressource: <\/strong>Kunstfestival FANEROMENI<\/p>\n<p><strong>Art der Ressource: <\/strong>Veranstaltung, Aktivit\u00e4t<\/p>\n<p><strong>Organisation\/AutorInnen: <\/strong>Kulturstiftung der Bank von Zypern<strong><br \/>\n<\/strong><\/p>\n<p><strong>Kategorie<\/strong>: Kunst und Kultur<\/p>\n<p><strong>Sprache: <\/strong>Griechisch<\/p>\n<p><strong>Kurzbeschreibung: <\/strong>(Filmfestival)<\/p>\n<p>Ein j\u00e4hrlich stattfindendes Kunstfestival. Von Mitte Juni bis Ende September findet ein mehrdimensionales, interaktives Kunstfestival im Freiluft-Amphitheater der Kulturstiftung statt, die sich zum lebendigsten kulturellen Zentrum der Stadt entwickeln will. Ein einzigartiges Zusammenspiel von K\u00fcnsten, Epochen und K\u00fcnstlern aus verschiedenen Bereichen, basierend auf der reichen Geschichte der Kulturstiftung, erm\u00f6glicht es, eine Reihe von Veranstaltungen zu zeigen, die alle Altersgruppen ansprechen.<strong><br \/>\n<\/strong><\/p>\n<p><strong>Zielgruppe: <\/strong>JugendleiterInnen, JugendarbeiterInnen, junge Menschen, Entscheidungstr\u00e4gerInnen, Kommunen, AkteurInnen des Kunst- und Kreativsektor, Kunstschaffende<strong><br \/>\n<\/strong><\/p>\n<p><strong>Link: <\/strong><a href=\"https:\/\/www.boccf.org\/el-GR\/2\/\" target=\"_blank\" rel=\"noopener\">https:\/\/www.boccf.org\/el-GR\/2\/<\/a><strong><br \/>\n<\/strong><\/p>\n<p>&nbsp;<\/p>\n","protected":false},"excerpt":{"rendered":"<p>Name der Ressource: Kunstfestival FANEROMENI Art der Ressource: Veranstaltung, Aktivit\u00e4t Organisation\/AutorInnen: Kulturstiftung der Bank von Zypern Kategorie: Kunst und Kultur Sprache: Griechisch Kurzbeschreibung: (Filmfestival) Ein&hellip;<\/p>\n","protected":false},"author":51,"featured_media":0,"comment_status":"closed","ping_status":"closed","sticky":false,"template":"","format":"standard","meta":{"footnotes":""},"categories":[110],"tags":[],"class_list":["post-8574","post","type-post","status-publish","format-standard","hentry","category-events-and-aktivitaten",""],"_links":{"self":[{"href":"https:\/\/building-better.eu\/de\/wp-json\/wp\/v2\/posts\/8574","targetHints":{"allow":["GET"]}}],"collection":[{"href":"https:\/\/building-better.eu\/de\/wp-json\/wp\/v2\/posts"}],"about":[{"href":"https:\/\/building-better.eu\/de\/wp-json\/wp\/v2\/types\/post"}],"author":[{"embeddable":true,"href":"https:\/\/building-better.eu\/de\/wp-json\/wp\/v2\/users\/51"}],"replies":[{"embeddable":true,"href":"https:\/\/building-better.eu\/de\/wp-json\/wp\/v2\/comments?post=8574"}],"version-history":[{"count":0,"href":"https:\/\/building-better.eu\/de\/wp-json\/wp\/v2\/posts\/8574\/revisions"}],"wp:attachment":[{"href":"https:\/\/building-better.eu\/de\/wp-json\/wp\/v2\/media?parent=8574"}],"wp:term":[{"taxonomy":"category","embeddable":true,"href":"https:\/\/building-better.eu\/de\/wp-json\/wp\/v2\/categories?post=8574"},{"taxonomy":"post_tag","embeddable":true,"href":"https:\/\/building-better.eu\/de\/wp-json\/wp\/v2\/tags?post=8574"}],"curies":[{"name":"wp","href":"https:\/\/api.w.org\/{rel}","templated":true}]}}