{"id":8942,"date":"2023-05-19T15:14:08","date_gmt":"2023-05-19T15:14:08","guid":{"rendered":"https:\/\/building-better.eu\/?p=8942"},"modified":"2023-06-12T08:35:31","modified_gmt":"2023-06-12T08:35:31","slug":"biblioteca-per-tutti-i-sensi","status":"publish","type":"post","link":"https:\/\/building-better.eu\/it\/biblioteca-per-tutti-i-sensi\/","title":{"rendered":"Biblioteca per tutti i sensi"},"content":{"rendered":"<p><strong>NOME DELLA RISORSA: <\/strong>Biblioteca per tutti i sensi<strong><br \/>\n<\/strong><\/p>\n<p><strong>CATEGORIA: <\/strong>Webpage<strong><br \/>\n<\/strong><\/p>\n<p><strong>ORGANIZZAZIONE \/ AUTORE: <\/strong>Biblioteca di Calenzano, Sesto Fiorentino, Lastra a Signa e Scandicci<strong><br \/>\n<\/strong><\/p>\n<p><strong>CATEGORIA:<\/strong> Strumenti per il sostegno dei giovani, Metodi per l&#8217;avvicinamento dei giovani<\/p>\n<p><strong>LINGUA: <\/strong>Italiano<\/p>\n<p><strong>BREVE DESCRIZIONE: <\/strong>Biblioteca per tutti i sensi: questo il titolo del progetto che si \u00e8 classificato al primo posto nella graduatoria nazionale e che \u00e8 stato presentato dalle Biblioteche Comunali di Calenzano, Sesto Fiorentino, Scandicci e Lastra a Signa nell&#8217;ambito del bando: Lettura per tutti 2020.<\/p>\n<p>Il progetto \u00e8 dedicato alla promozione della lettura nelle biblioteche rivolta a persone con difficolt\u00e0 di lettura o con disabilit\u00e0 fisiche o sensoriali ed \u00e8 promosso dal Centro per il libro e la lettura (CEPELL) del Ministero per i Beni e le Attivit\u00e0 Culturali.<br \/>\nIl Manifesto IFLA\/Unesco sulle Biblioteche pubbliche riconosce la Biblioteca come \u201cvia di accesso locale alla conoscenza e condizione essenziale per l\u2019apprendimento permanente, l\u2019indipendenza nelle decisioni, lo sviluppo culturale dell\u2019individuo e dei gruppi sociali\u201d sottolineando la necessit\u00e0 di adempiere a questo compito attraverso l\u2019offerta di servizi e materiali specifici per utenti che per qualsiasi ragione, non abbiano la possibilit\u00e0 di utilizzare quelli ordinari, in considerazione anche del fatto che alcuni di essi potrebbero avere difficolt\u00e0 maggiori anche alla luce della situazione pandemica che stiamo vivendo. Le nuove tecnologie, lo sviluppo di sistemi multimediali che integrino vari linguaggi, il diffondersi di sistemi di comunicazione alternativa offrono possibilit\u00e0 eccezionali per realizzare ambienti e progettare servizi inclusivi ma devono essere affiancati da un costante processo di sensibilizzazione e informazione del pubblico che possa dar vita ad una societ\u00e0 realmente inclusiva. Il progetto \u201cBiblioteca per tutti i sensi\u201d intende lavorare su entrambi questi aspetti essenziali: da una parte mira a individuare le strumentazioni tecniche (hardware, software, ausili compensativi etc) e le risorse (libri accessibili e in alta leggibilit\u00e0) necessarie perch\u00e9 la Biblioteca possa essere utilizzata e vissuta da tutti, dall\u2019altra si propone come soggetto in grado di favorire l\u2019integrazione fra utenti diversi e con diverse esigenze e bisogni, promuovendo percorsi di formazione e informazione ed eventi specifici che possano essere fruiti da pubblici diversi.<\/p>\n<p>Per realizzare questi obiettivi, le Biblioteche coinvolte hanno effettuato un\u2019analisi dei bisogni della collettivit\u00e0 individuando alcune aree specifiche a cui rivolgere i propri interventi:<\/p>\n<ul>\n<li>Ipovedenti e Non vedenti: acquisto di libri e audiolibri e organizzazione di percorsi formativi finalizzati alla costruzione di risorse specifiche (libri tattili, albi illustrati in simboli e audiolibri).<\/li>\n<li>Non udenti: Percorsi di formazione del personale per offrire un servizio di prima informazione e assistenza alla ricerca per persone non udenti.<\/li>\n<li>Utenti con DSA: implementazione della sezione audiolibri e libri ad alta leggibilit\u00e0.<\/li>\n<li>Utenti con disturbi dello spettro autistico o altre disabilit\u00e0 cognitive: implementazione della sezione Inbook della Biblioteca attraverso l\u2019acquisto di nuovi materiali e la realizzazione di percorsi formativi per la scrittura, illustrazione e traduzione in simboli CAA di nuovi Inbook. Acquisto di licenze per l\u2019utilizzo del programma Symwriter per la traduzione di testi e la realizzazione della segnaletica degli spazi e della collezione in CAA delle biblioteche coinvolte.<\/li>\n<\/ul>\n<p><strong>Keywords: <\/strong>Youth Leaders, Policymakers, Youthworkers, Young people, Municipalities, Local artists<strong><br \/>\n<\/strong><\/p>\n<p><strong>Link: <\/strong><a href=\"https:\/\/www.comune.sesto-fiorentino.fi.it\/it\/biblioteca\/biblioteca-per-tutti-i-sensi\">https:\/\/www.comune.sesto-fiorentino.fi.it\/it\/biblioteca\/biblioteca-per-tutti-i-sensi<\/a><strong><br \/>\n<\/strong><\/p>\n<p>&nbsp;<\/p>\n","protected":false},"excerpt":{"rendered":"<p>NOME DELLA RISORSA: Biblioteca per tutti i sensi CATEGORIA: Webpage ORGANIZZAZIONE \/ AUTORE: Biblioteca di Calenzano, Sesto Fiorentino, Lastra a Signa e Scandicci CATEGORIA: Strumenti&hellip;<\/p>\n","protected":false},"author":211,"featured_media":0,"comment_status":"closed","ping_status":"closed","sticky":false,"template":"","format":"standard","meta":{"footnotes":""},"categories":[92],"tags":[],"class_list":["post-8942","post","type-post","status-publish","format-standard","hentry","category-tools-methods-it",""],"_links":{"self":[{"href":"https:\/\/building-better.eu\/it\/wp-json\/wp\/v2\/posts\/8942","targetHints":{"allow":["GET"]}}],"collection":[{"href":"https:\/\/building-better.eu\/it\/wp-json\/wp\/v2\/posts"}],"about":[{"href":"https:\/\/building-better.eu\/it\/wp-json\/wp\/v2\/types\/post"}],"author":[{"embeddable":true,"href":"https:\/\/building-better.eu\/it\/wp-json\/wp\/v2\/users\/211"}],"replies":[{"embeddable":true,"href":"https:\/\/building-better.eu\/it\/wp-json\/wp\/v2\/comments?post=8942"}],"version-history":[{"count":4,"href":"https:\/\/building-better.eu\/it\/wp-json\/wp\/v2\/posts\/8942\/revisions"}],"predecessor-version":[{"id":9048,"href":"https:\/\/building-better.eu\/it\/wp-json\/wp\/v2\/posts\/8942\/revisions\/9048"}],"wp:attachment":[{"href":"https:\/\/building-better.eu\/it\/wp-json\/wp\/v2\/media?parent=8942"}],"wp:term":[{"taxonomy":"category","embeddable":true,"href":"https:\/\/building-better.eu\/it\/wp-json\/wp\/v2\/categories?post=8942"},{"taxonomy":"post_tag","embeddable":true,"href":"https:\/\/building-better.eu\/it\/wp-json\/wp\/v2\/tags?post=8942"}],"curies":[{"name":"wp","href":"https:\/\/api.w.org\/{rel}","templated":true}]}}